{"id":9329,"date":"2022-11-02T13:00:28","date_gmt":"2022-11-02T07:30:28","guid":{"rendered":"https:\/\/3blcroatia.com\/?p=9329"},"modified":"2022-11-02T13:00:31","modified_gmt":"2022-11-02T07:30:31","slug":"foto-toni-kukoc-podrzao-otvaranje-na-svojim-prokurativama-stigao-jos-jedan-bivsi-reprezentativac","status":"publish","type":"post","link":"http:\/\/3bljapan.com\/ja\/foto-toni-kukoc-podrzao-otvaranje-na-svojim-prokurativama-stigao-jos-jedan-bivsi-reprezentativac\/","title":{"rendered":"FOTO: TONI KUKO\u010c PODR\u017dAO OTVARANJE NA SVOJIM PROKURATIVAMA, STIGAO JO\u0160 JEDAN BIV\u0160I REPREZENTATIVAC"},"content":{"rendered":"<h4 class=\"wp-block-heading\"><strong>Od o\u017eujka sljede\u0107e godine kre\u0107e prvo profesionalno natjecanje u ko\u0161arci 3&#215;3 u Hrvatskoj<\/strong><\/h4><p>OGLAS<\/p><p>Na konferenciji za novinare u splitskom hotelu Ambasador slu\u017ebeno je danas najavljena prva sezona profesionalne lige 3BL Croatia, koja \u0107e se odr\u017eati u Hrvatskoj od o\u017eujka do travnja 2023. Natjecanje u ko\u0161arci 3&#215;3 \u0107e imati osam postaja, gradova, turniri \u0107e se \u0107e se igrati od \u010detvrtka do nedjelje, dok \u0107e mom\u010dadi \u010diniti po \u0161est igra\u010da, od kojih \u0107e \u010detiri mo\u0107i biti u sastavu za utakmice. Glavni cilj ove lige u Hrvatskoj jest da se potaknu djeca da iza\u0111u na igrali\u0161ta i podi\u0107i im svjesnost o ko\u0161arci. U tom smjeru dobar je i izbor ambasadora, s obzirom da su se na predstavljanju &#8220;ukazala&#8221; na\u0161a dva biv\u0161a NBA igra\u010da, \u010dlan Ku\u0107e slavnih&nbsp;<strong>Toni Kuko\u010d<\/strong>&nbsp;i negda\u0161nji reprezentativac<strong>&nbsp;Damjan Rude\u017e<\/strong>&#8230;<\/p><figure class=\"wp-block-image size-large\"><img loading=\"lazy\" decoding=\"async\" width=\"1024\" height=\"677\" src=\"https:\/\/3blcroatia.com\/wp-content\/uploads\/2022\/11\/26488477-1024x677.jpg\" alt=\"\" class=\"wp-image-9331\" srcset=\"http:\/\/3bljapan.com\/wp-content\/uploads\/2022\/11\/26488477-1024x677.jpg 1024w, http:\/\/3bljapan.com\/wp-content\/uploads\/2022\/11\/26488477-600x397.jpg 600w, http:\/\/3bljapan.com\/wp-content\/uploads\/2022\/11\/26488477-300x198.jpg 300w, http:\/\/3bljapan.com\/wp-content\/uploads\/2022\/11\/26488477-768x508.jpg 768w, http:\/\/3bljapan.com\/wp-content\/uploads\/2022\/11\/26488477-391x260.jpg 391w, http:\/\/3bljapan.com\/wp-content\/uploads\/2022\/11\/26488477-1536x1016.jpg 1536w, http:\/\/3bljapan.com\/wp-content\/uploads\/2022\/11\/26488477-128x85.jpg 128w, http:\/\/3bljapan.com\/wp-content\/uploads\/2022\/11\/26488477-32x21.jpg 32w, http:\/\/3bljapan.com\/wp-content\/uploads\/2022\/11\/26488477-356x235.jpg 356w, http:\/\/3bljapan.com\/wp-content\/uploads\/2022\/11\/26488477-470x311.jpg 470w, http:\/\/3bljapan.com\/wp-content\/uploads\/2022\/11\/26488477-70x46.jpg 70w, http:\/\/3bljapan.com\/wp-content\/uploads\/2022\/11\/26488477-100x66.jpg 100w, http:\/\/3bljapan.com\/wp-content\/uploads\/2022\/11\/26488477.jpg 1920w\" sizes=\"(max-width: 1024px) 100vw, 1024px\" \/><figcaption>Toni Kuko\u010d, Yosuke Takshashi i Rohit Bakshi<\/figcaption><\/figure><p>&#8211; Na\u0161li smo se prije nekoliko tjedana i pri\u010dali o ovoj ligi koja se \u010dinila jako uzbudljivom &#8211; rekao je Kuko\u010d.<\/p><p>&#8211; Odmah sam dao podr\u0161ku jer mislim da smo oduvijek bili ko\u0161arka\u0161ka zemlja. Trenutno smo u jednom malom padu, tako da mislim da promocija ko\u0161arke 3 na 3 mo\u017ee samo doprinijeti na\u0161oj ko\u0161arci. Trebalo bi biti zanimljivo, nadamo se svemu najboljem, ipak je to olimpijski sport.<\/p><p>Kroz 3BL liga mo\u0107i \u0107e se i do Olimpojskih igara, a na kojoj je razini sve organizirano pokazao je i Grad Split, koji su u utorak predstavljali gradona\u010delnik&nbsp;<strong>Ivica Puljak&nbsp;<\/strong>te njegov zamjenik&nbsp;<strong>Antonio Kuzmani\u0107<\/strong>, dok su tu bili i<strong>&nbsp;Rohit Bakshi,<\/strong>&nbsp;osniva\u010d lige te direktor Prerna Sharma, kao i&nbsp;<strong>Josip Vrankovi\u0107,<\/strong>&nbsp;glavni tajnik Hrvatskog ko\u0161arka\u0161kog saveza.<\/p><figure class=\"wp-block-image size-large\"><img loading=\"lazy\" decoding=\"async\" width=\"1024\" height=\"677\" src=\"https:\/\/3blcroatia.com\/wp-content\/uploads\/2022\/11\/26488485-1024x677.jpg\" alt=\"\" class=\"wp-image-9332\" srcset=\"http:\/\/3bljapan.com\/wp-content\/uploads\/2022\/11\/26488485-1024x677.jpg 1024w, http:\/\/3bljapan.com\/wp-content\/uploads\/2022\/11\/26488485-600x397.jpg 600w, http:\/\/3bljapan.com\/wp-content\/uploads\/2022\/11\/26488485-300x198.jpg 300w, http:\/\/3bljapan.com\/wp-content\/uploads\/2022\/11\/26488485-768x508.jpg 768w, http:\/\/3bljapan.com\/wp-content\/uploads\/2022\/11\/26488485-391x260.jpg 391w, http:\/\/3bljapan.com\/wp-content\/uploads\/2022\/11\/26488485-1536x1016.jpg 1536w, http:\/\/3bljapan.com\/wp-content\/uploads\/2022\/11\/26488485-128x85.jpg 128w, http:\/\/3bljapan.com\/wp-content\/uploads\/2022\/11\/26488485-32x21.jpg 32w, http:\/\/3bljapan.com\/wp-content\/uploads\/2022\/11\/26488485-356x235.jpg 356w, http:\/\/3bljapan.com\/wp-content\/uploads\/2022\/11\/26488485-470x311.jpg 470w, http:\/\/3bljapan.com\/wp-content\/uploads\/2022\/11\/26488485-70x46.jpg 70w, http:\/\/3bljapan.com\/wp-content\/uploads\/2022\/11\/26488485-100x66.jpg 100w, http:\/\/3bljapan.com\/wp-content\/uploads\/2022\/11\/26488485.jpg 1920w\" sizes=\"(max-width: 1024px) 100vw, 1024px\" \/><\/figure><p>&#8211; FIBA je prepoznala na\u0161 projekt, dala nam ekskluzivno pravo za organiziranje natjecanja. U Indiji uspje\u0161no organiziramo ovakva natjecanja, trenuta\u010dno ulazimo u \u010detvrtu godinu odr\u017eavanja turnira u Indiji. Pro\u0161irili smo se i na Tajland te od o\u017eujka kre\u0107emo s prvom sezonom u Hrvatskoj. Potpisali smo suradnju sa HKS-om na 10 godina, biti \u0107emo jedina profesionalna liga u Hrvatskoj, imat \u0107emo nagradni fond oko 100 tisu\u0107a dolara za naslov. Tako\u0111er, Hrvatska \u0107e kroz ligu mo\u0107i do\u0107i i do bodova koji \u0107e biti bitni za kvalifikacije na OI ve\u0107 u Parizu 2024. Glavni cilj ove lige jest da se i Hrvatska na\u0111e me\u0111u putnicima na OI &#8211; objasnio je&nbsp;<strong>Rohit Bakshi.<\/strong><\/p><p>Splitski dogradona\u010delnik<strong>&nbsp;Antonio Kuzmani\u0107<\/strong>&nbsp;izuzetno je zadovoljan \u0161to je Grad Split izabran za partnera u ovom projektu&#8230;<\/p><p>&#8211; Na\u0161 sastanak je trajao doslovno 30 minuta, odmah rekli da se prvi turnir ove lige mo\u017ee igrati u Splitu. Predlo\u017eili smo nekoliko lokacija radi promocije. Prokurative, teren do Kuko\u010deve ku\u0107e na kojem je on igrao ko\u0161arku. Obnovili smo terene, imamo dvije-tri lokacije koje \u0107emo dati na raspolaganje. Mislim da je ovo po\u010detak jedne odli\u010dne pri\u010de.<\/p><figure class=\"wp-block-image size-large\"><img loading=\"lazy\" decoding=\"async\" width=\"1024\" height=\"636\" src=\"https:\/\/3blcroatia.com\/wp-content\/uploads\/2022\/11\/26488487-1024x636.jpg\" alt=\"\" class=\"wp-image-9333\" srcset=\"http:\/\/3bljapan.com\/wp-content\/uploads\/2022\/11\/26488487-1024x636.jpg 1024w, http:\/\/3bljapan.com\/wp-content\/uploads\/2022\/11\/26488487-600x373.jpg 600w, http:\/\/3bljapan.com\/wp-content\/uploads\/2022\/11\/26488487-300x186.jpg 300w, http:\/\/3bljapan.com\/wp-content\/uploads\/2022\/11\/26488487-768x477.jpg 768w, http:\/\/3bljapan.com\/wp-content\/uploads\/2022\/11\/26488487-1536x954.jpg 1536w, http:\/\/3bljapan.com\/wp-content\/uploads\/2022\/11\/26488487-128x80.jpg 128w, http:\/\/3bljapan.com\/wp-content\/uploads\/2022\/11\/26488487-32x20.jpg 32w, http:\/\/3bljapan.com\/wp-content\/uploads\/2022\/11\/26488487-356x221.jpg 356w, http:\/\/3bljapan.com\/wp-content\/uploads\/2022\/11\/26488487-470x292.jpg 470w, http:\/\/3bljapan.com\/wp-content\/uploads\/2022\/11\/26488487-70x43.jpg 70w, http:\/\/3bljapan.com\/wp-content\/uploads\/2022\/11\/26488487-100x62.jpg 100w, http:\/\/3bljapan.com\/wp-content\/uploads\/2022\/11\/26488487.jpg 1920w\" sizes=\"(max-width: 1024px) 100vw, 1024px\" \/><\/figure><p>Rije\u010d je dobio na\u0161 biv\u0161i reprezentativac, povjerenik 3BL lige&nbsp;<strong>Damjan Rude\u017e<\/strong>.<\/p><p>&#8211; Veliko je zadovoljstvo stati ovdje uz Tonija, koji je jedan od mojih prvih uzora. Projekt je jako zdrav, ambiciozan i uzbudljiv. Mislim da mo\u017ee doprinijeti na nevjerovatan na\u010din popularizaciji sporta u Hrvatskoj. To je ne\u0161to \u0161to sigurno \u017eelimo odraditi. Jedan od primarnih ciljeva, osim toga da Hrvatska ode na Olimpijske igre u Pariz 2024. godine, je uklju\u010diti \u0161to vi\u0161e mladih u ko\u0161arku 3 na 3 kroz aktivnosti koje \u0107emo raditi kroz razne programe organizirane diljem Hrvatske. Radujem se izazovu kroz tu neku svoju ulogu. Zahvalio bih se Hrvatskom ko\u0161arka\u0161kom savezu i FIBA-i koji su dali svoj blagoslov da se ovo odr\u017ei u Hrvatskoj. Ono \u0161to bih \u017eelio promovirati kroz ovaj projekt je san i vizija koji mladi u Hrvatskoj mogu imati te taj ponos da svoju zemlju mogu prezentirati na OI bez obzira jesu li krenuli u malim ili velikim klubovima ili jednostavno igraju\u0107i tri na tri na ulici. To je esencija ko\u0161arke, koja je pet na pet. Cjelokupna hrvatska ko\u0161arka, ali i regionalna ko\u0161arka trebali bi imati koristi od ovog projekta &#8211; zaklju\u010dio je Rude\u017e.<\/p><figure class=\"wp-block-image size-large\"><img loading=\"lazy\" decoding=\"async\" width=\"1024\" height=\"636\" src=\"https:\/\/3blcroatia.com\/wp-content\/uploads\/2022\/11\/26488489-1024x636.jpg\" alt=\"\" class=\"wp-image-9334\" srcset=\"http:\/\/3bljapan.com\/wp-content\/uploads\/2022\/11\/26488489-1024x636.jpg 1024w, http:\/\/3bljapan.com\/wp-content\/uploads\/2022\/11\/26488489-600x373.jpg 600w, http:\/\/3bljapan.com\/wp-content\/uploads\/2022\/11\/26488489-300x186.jpg 300w, http:\/\/3bljapan.com\/wp-content\/uploads\/2022\/11\/26488489-768x477.jpg 768w, http:\/\/3bljapan.com\/wp-content\/uploads\/2022\/11\/26488489-1536x954.jpg 1536w, http:\/\/3bljapan.com\/wp-content\/uploads\/2022\/11\/26488489-128x80.jpg 128w, http:\/\/3bljapan.com\/wp-content\/uploads\/2022\/11\/26488489-32x20.jpg 32w, http:\/\/3bljapan.com\/wp-content\/uploads\/2022\/11\/26488489-356x221.jpg 356w, http:\/\/3bljapan.com\/wp-content\/uploads\/2022\/11\/26488489-470x292.jpg 470w, http:\/\/3bljapan.com\/wp-content\/uploads\/2022\/11\/26488489-70x43.jpg 70w, http:\/\/3bljapan.com\/wp-content\/uploads\/2022\/11\/26488489-100x62.jpg 100w, http:\/\/3bljapan.com\/wp-content\/uploads\/2022\/11\/26488489.jpg 1920w\" sizes=\"(max-width: 1024px) 100vw, 1024px\" \/><\/figure>","protected":false},"excerpt":{"rendered":"<p>Od o\u017eujka sljede\u0107e godine kre\u0107e prvo profesionalno natjecanje u ko\u0161arci 3&#215;3 u Hrvatskoj OGLAS Na konferenciji za novinare u splitskom hotelu Ambasador slu\u017ebeno je danas najavljena prva sezona profesionalne lige 3BL Croatia, koja \u0107e se odr\u017eati u Hrvatskoj od o\u017eujka do travnja 2023. Natjecanje u ko\u0161arci 3&#215;3 \u0107e imati osam postaja, gradova, turniri \u0107e se \u0107e se igrati od \u010detvrtka do nedjelje, dok \u0107e mom\u010dadi \u010diniti po \u0161est igra\u010da, od kojih \u0107e \u010detiri mo\u0107i biti u sastavu za utakmice. Glavni cilj ove lige u Hrvatskoj jest da se potaknu djeca da iza\u0111u na igrali\u0161ta i podi\u0107i im svjesnost o ko\u0161arci. U tom smjeru dobar je i izbor ambasadora, s obzirom&#8230;<\/p>","protected":false},"author":20,"featured_media":9330,"comment_status":"open","ping_status":"open","sticky":false,"template":"","format":"standard","meta":{"footnotes":"","_links_to":"","_links_to_target":""},"categories":[1],"tags":[],"class_list":["post-9329","post","type-post","status-publish","format-standard","has-post-thumbnail","hentry","category-gurugram-3bl"],"yoast_head":"<!-- This site is optimized with the Yoast SEO plugin v23.5 - https:\/\/yoast.com\/wordpress\/plugins\/seo\/ -->\n<title>FOTO: TONI KUKO\u010c PODR\u017dAO OTVARANJE NA SVOJIM PROKURATIVAMA, STIGAO JO\u0160 JEDAN BIV\u0160I REPREZENTATIVAC - 3BL<\/title>\n<meta name=\"robots\" content=\"index, follow, max-snippet:-1, max-image-preview:large, max-video-preview:-1\" \/>\n<link rel=\"canonical\" href=\"http:\/\/3bljapan.com\/ja\/foto-toni-kukoc-podrzao-otvaranje-na-svojim-prokurativama-stigao-jos-jedan-bivsi-reprezentativac\/\" \/>\n<meta property=\"og:locale\" content=\"ja_JP\" \/>\n<meta property=\"og:type\" content=\"article\" \/>\n<meta property=\"og:title\" content=\"FOTO: TONI KUKO\u010c PODR\u017dAO OTVARANJE NA SVOJIM PROKURATIVAMA, STIGAO JO\u0160 JEDAN BIV\u0160I REPREZENTATIVAC - 3BL\" \/>\n<meta property=\"og:description\" content=\"Od o\u017eujka sljede\u0107e godine kre\u0107e prvo profesionalno natjecanje u ko\u0161arci 3&#215;3 u Hrvatskoj OGLAS Na konferenciji za novinare u splitskom hotelu Ambasador slu\u017ebeno je danas najavljena prva sezona profesionalne lige 3BL Croatia, koja \u0107e se odr\u017eati u Hrvatskoj od o\u017eujka do travnja 2023. Natjecanje u ko\u0161arci 3&#215;3 \u0107e imati osam postaja, gradova, turniri \u0107e se \u0107e se igrati od \u010detvrtka do nedjelje, dok \u0107e mom\u010dadi \u010diniti po \u0161est igra\u010da, od kojih \u0107e \u010detiri mo\u0107i biti u sastavu za utakmice. Glavni cilj ove lige u Hrvatskoj jest da se potaknu djeca da iza\u0111u na igrali\u0161ta i podi\u0107i im svjesnost o ko\u0161arci. U tom smjeru dobar je i izbor ambasadora, s obzirom...\" \/>\n<meta property=\"og:url\" content=\"http:\/\/3bljapan.com\/ja\/foto-toni-kukoc-podrzao-otvaranje-na-svojim-prokurativama-stigao-jos-jedan-bivsi-reprezentativac\/\" \/>\n<meta property=\"og:site_name\" content=\"3BL\" \/>\n<meta property=\"article:published_time\" content=\"2022-11-02T07:30:28+00:00\" \/>\n<meta property=\"article:modified_time\" content=\"2022-11-02T07:30:31+00:00\" \/>\n<meta property=\"og:image\" content=\"http:\/\/3bljapan.com\/wp-content\/uploads\/2022\/11\/f_26488481_1280.jpg\" \/>\n\t<meta property=\"og:image:width\" content=\"1280\" \/>\n\t<meta property=\"og:image:height\" content=\"670\" \/>\n\t<meta property=\"og:image:type\" content=\"image\/jpeg\" \/>\n<meta name=\"author\" content=\"admin\" \/>\n<meta name=\"twitter:card\" content=\"summary_large_image\" \/>\n<meta name=\"twitter:label1\" content=\"\u57f7\u7b46\u8005\" \/>\n\t<meta name=\"twitter:data1\" content=\"admin\" \/>\n\t<meta name=\"twitter:label2\" content=\"\u63a8\u5b9a\u8aad\u307f\u53d6\u308a\u6642\u9593\" \/>\n\t<meta name=\"twitter:data2\" content=\"4\u5206\" \/>\n<script type=\"application\/ld+json\" class=\"yoast-schema-graph\">{\"@context\":\"https:\/\/schema.org\",\"@graph\":[{\"@type\":\"WebPage\",\"@id\":\"http:\/\/3bljapan.com\/foto-toni-kukoc-podrzao-otvaranje-na-svojim-prokurativama-stigao-jos-jedan-bivsi-reprezentativac\/\",\"url\":\"http:\/\/3bljapan.com\/foto-toni-kukoc-podrzao-otvaranje-na-svojim-prokurativama-stigao-jos-jedan-bivsi-reprezentativac\/\",\"name\":\"FOTO: TONI KUKO\u010c PODR\u017dAO OTVARANJE NA SVOJIM PROKURATIVAMA, STIGAO JO\u0160 JEDAN BIV\u0160I REPREZENTATIVAC - 3BL\",\"isPartOf\":{\"@id\":\"http:\/\/3bljapan.com\/#website\"},\"primaryImageOfPage\":{\"@id\":\"http:\/\/3bljapan.com\/foto-toni-kukoc-podrzao-otvaranje-na-svojim-prokurativama-stigao-jos-jedan-bivsi-reprezentativac\/#primaryimage\"},\"image\":{\"@id\":\"http:\/\/3bljapan.com\/foto-toni-kukoc-podrzao-otvaranje-na-svojim-prokurativama-stigao-jos-jedan-bivsi-reprezentativac\/#primaryimage\"},\"thumbnailUrl\":\"http:\/\/3bljapan.com\/wp-content\/uploads\/2022\/11\/f_26488481_1280.jpg\",\"datePublished\":\"2022-11-02T07:30:28+00:00\",\"dateModified\":\"2022-11-02T07:30:31+00:00\",\"author\":{\"@id\":\"http:\/\/3bljapan.com\/#\/schema\/person\/bb6c0d7799987dff7d69e6733743ab6e\"},\"breadcrumb\":{\"@id\":\"http:\/\/3bljapan.com\/foto-toni-kukoc-podrzao-otvaranje-na-svojim-prokurativama-stigao-jos-jedan-bivsi-reprezentativac\/#breadcrumb\"},\"inLanguage\":\"ja\",\"potentialAction\":[{\"@type\":\"ReadAction\",\"target\":[\"http:\/\/3bljapan.com\/foto-toni-kukoc-podrzao-otvaranje-na-svojim-prokurativama-stigao-jos-jedan-bivsi-reprezentativac\/\"]}]},{\"@type\":\"ImageObject\",\"inLanguage\":\"ja\",\"@id\":\"http:\/\/3bljapan.com\/foto-toni-kukoc-podrzao-otvaranje-na-svojim-prokurativama-stigao-jos-jedan-bivsi-reprezentativac\/#primaryimage\",\"url\":\"http:\/\/3bljapan.com\/wp-content\/uploads\/2022\/11\/f_26488481_1280.jpg\",\"contentUrl\":\"http:\/\/3bljapan.com\/wp-content\/uploads\/2022\/11\/f_26488481_1280.jpg\",\"width\":1280,\"height\":670},{\"@type\":\"BreadcrumbList\",\"@id\":\"http:\/\/3bljapan.com\/foto-toni-kukoc-podrzao-otvaranje-na-svojim-prokurativama-stigao-jos-jedan-bivsi-reprezentativac\/#breadcrumb\",\"itemListElement\":[{\"@type\":\"ListItem\",\"position\":1,\"name\":\"Home\",\"item\":\"http:\/\/3bljapan.com\/\"},{\"@type\":\"ListItem\",\"position\":2,\"name\":\"FOTO: TONI KUKO\u010c PODR\u017dAO OTVARANJE NA SVOJIM PROKURATIVAMA, STIGAO JO\u0160 JEDAN BIV\u0160I REPREZENTATIVAC\"}]},{\"@type\":\"WebSite\",\"@id\":\"http:\/\/3bljapan.com\/#website\",\"url\":\"http:\/\/3bljapan.com\/\",\"name\":\"3BL\",\"description\":\"3x3 International Pro Basketball League\",\"potentialAction\":[{\"@type\":\"SearchAction\",\"target\":{\"@type\":\"EntryPoint\",\"urlTemplate\":\"http:\/\/3bljapan.com\/?s={search_term_string}\"},\"query-input\":{\"@type\":\"PropertyValueSpecification\",\"valueRequired\":true,\"valueName\":\"search_term_string\"}}],\"inLanguage\":\"ja\"},{\"@type\":\"Person\",\"@id\":\"http:\/\/3bljapan.com\/#\/schema\/person\/bb6c0d7799987dff7d69e6733743ab6e\",\"name\":\"admin\",\"image\":{\"@type\":\"ImageObject\",\"inLanguage\":\"ja\",\"@id\":\"http:\/\/3bljapan.com\/#\/schema\/person\/image\/\",\"url\":\"http:\/\/2.gravatar.com\/avatar\/8613970cb864e260d0187646ca831a05?s=96&d=mm&r=g\",\"contentUrl\":\"http:\/\/2.gravatar.com\/avatar\/8613970cb864e260d0187646ca831a05?s=96&d=mm&r=g\",\"caption\":\"admin\"}}]}<\/script>\n<!-- \/ Yoast SEO plugin. -->","yoast_head_json":{"title":"FOTO: TONI KUKO\u010c PODR\u017dAO OTVARANJE NA SVOJIM PROKURATIVAMA, STIGAO JO\u0160 JEDAN BIV\u0160I REPREZENTATIVAC - 3BL","robots":{"index":"index","follow":"follow","max-snippet":"max-snippet:-1","max-image-preview":"max-image-preview:large","max-video-preview":"max-video-preview:-1"},"canonical":"http:\/\/3bljapan.com\/ja\/foto-toni-kukoc-podrzao-otvaranje-na-svojim-prokurativama-stigao-jos-jedan-bivsi-reprezentativac\/","og_locale":"ja_JP","og_type":"article","og_title":"FOTO: TONI KUKO\u010c PODR\u017dAO OTVARANJE NA SVOJIM PROKURATIVAMA, STIGAO JO\u0160 JEDAN BIV\u0160I REPREZENTATIVAC - 3BL","og_description":"Od o\u017eujka sljede\u0107e godine kre\u0107e prvo profesionalno natjecanje u ko\u0161arci 3&#215;3 u Hrvatskoj OGLAS Na konferenciji za novinare u splitskom hotelu Ambasador slu\u017ebeno je danas najavljena prva sezona profesionalne lige 3BL Croatia, koja \u0107e se odr\u017eati u Hrvatskoj od o\u017eujka do travnja 2023. Natjecanje u ko\u0161arci 3&#215;3 \u0107e imati osam postaja, gradova, turniri \u0107e se \u0107e se igrati od \u010detvrtka do nedjelje, dok \u0107e mom\u010dadi \u010diniti po \u0161est igra\u010da, od kojih \u0107e \u010detiri mo\u0107i biti u sastavu za utakmice. Glavni cilj ove lige u Hrvatskoj jest da se potaknu djeca da iza\u0111u na igrali\u0161ta i podi\u0107i im svjesnost o ko\u0161arci. U tom smjeru dobar je i izbor ambasadora, s obzirom...","og_url":"http:\/\/3bljapan.com\/ja\/foto-toni-kukoc-podrzao-otvaranje-na-svojim-prokurativama-stigao-jos-jedan-bivsi-reprezentativac\/","og_site_name":"3BL","article_published_time":"2022-11-02T07:30:28+00:00","article_modified_time":"2022-11-02T07:30:31+00:00","og_image":[{"width":1280,"height":670,"url":"http:\/\/3bljapan.com\/wp-content\/uploads\/2022\/11\/f_26488481_1280.jpg","type":"image\/jpeg"}],"author":"admin","twitter_card":"summary_large_image","twitter_misc":{"\u57f7\u7b46\u8005":"admin","\u63a8\u5b9a\u8aad\u307f\u53d6\u308a\u6642\u9593":"4\u5206"},"schema":{"@context":"https:\/\/schema.org","@graph":[{"@type":"WebPage","@id":"http:\/\/3bljapan.com\/foto-toni-kukoc-podrzao-otvaranje-na-svojim-prokurativama-stigao-jos-jedan-bivsi-reprezentativac\/","url":"http:\/\/3bljapan.com\/foto-toni-kukoc-podrzao-otvaranje-na-svojim-prokurativama-stigao-jos-jedan-bivsi-reprezentativac\/","name":"FOTO: TONI KUKO\u010c PODR\u017dAO OTVARANJE NA SVOJIM PROKURATIVAMA, STIGAO JO\u0160 JEDAN BIV\u0160I REPREZENTATIVAC - 3BL","isPartOf":{"@id":"http:\/\/3bljapan.com\/#website"},"primaryImageOfPage":{"@id":"http:\/\/3bljapan.com\/foto-toni-kukoc-podrzao-otvaranje-na-svojim-prokurativama-stigao-jos-jedan-bivsi-reprezentativac\/#primaryimage"},"image":{"@id":"http:\/\/3bljapan.com\/foto-toni-kukoc-podrzao-otvaranje-na-svojim-prokurativama-stigao-jos-jedan-bivsi-reprezentativac\/#primaryimage"},"thumbnailUrl":"http:\/\/3bljapan.com\/wp-content\/uploads\/2022\/11\/f_26488481_1280.jpg","datePublished":"2022-11-02T07:30:28+00:00","dateModified":"2022-11-02T07:30:31+00:00","author":{"@id":"http:\/\/3bljapan.com\/#\/schema\/person\/bb6c0d7799987dff7d69e6733743ab6e"},"breadcrumb":{"@id":"http:\/\/3bljapan.com\/foto-toni-kukoc-podrzao-otvaranje-na-svojim-prokurativama-stigao-jos-jedan-bivsi-reprezentativac\/#breadcrumb"},"inLanguage":"ja","potentialAction":[{"@type":"ReadAction","target":["http:\/\/3bljapan.com\/foto-toni-kukoc-podrzao-otvaranje-na-svojim-prokurativama-stigao-jos-jedan-bivsi-reprezentativac\/"]}]},{"@type":"ImageObject","inLanguage":"ja","@id":"http:\/\/3bljapan.com\/foto-toni-kukoc-podrzao-otvaranje-na-svojim-prokurativama-stigao-jos-jedan-bivsi-reprezentativac\/#primaryimage","url":"http:\/\/3bljapan.com\/wp-content\/uploads\/2022\/11\/f_26488481_1280.jpg","contentUrl":"http:\/\/3bljapan.com\/wp-content\/uploads\/2022\/11\/f_26488481_1280.jpg","width":1280,"height":670},{"@type":"BreadcrumbList","@id":"http:\/\/3bljapan.com\/foto-toni-kukoc-podrzao-otvaranje-na-svojim-prokurativama-stigao-jos-jedan-bivsi-reprezentativac\/#breadcrumb","itemListElement":[{"@type":"ListItem","position":1,"name":"Home","item":"http:\/\/3bljapan.com\/"},{"@type":"ListItem","position":2,"name":"FOTO: TONI KUKO\u010c PODR\u017dAO OTVARANJE NA SVOJIM PROKURATIVAMA, STIGAO JO\u0160 JEDAN BIV\u0160I REPREZENTATIVAC"}]},{"@type":"WebSite","@id":"http:\/\/3bljapan.com\/#website","url":"http:\/\/3bljapan.com\/","name":"3BL","description":"3x3 International Pro Basketball League","potentialAction":[{"@type":"SearchAction","target":{"@type":"EntryPoint","urlTemplate":"http:\/\/3bljapan.com\/?s={search_term_string}"},"query-input":{"@type":"PropertyValueSpecification","valueRequired":true,"valueName":"search_term_string"}}],"inLanguage":"ja"},{"@type":"Person","@id":"http:\/\/3bljapan.com\/#\/schema\/person\/bb6c0d7799987dff7d69e6733743ab6e","name":"admin","image":{"@type":"ImageObject","inLanguage":"ja","@id":"http:\/\/3bljapan.com\/#\/schema\/person\/image\/","url":"http:\/\/2.gravatar.com\/avatar\/8613970cb864e260d0187646ca831a05?s=96&d=mm&r=g","contentUrl":"http:\/\/2.gravatar.com\/avatar\/8613970cb864e260d0187646ca831a05?s=96&d=mm&r=g","caption":"admin"}}]}},"_links":{"self":[{"href":"http:\/\/3bljapan.com\/ja\/wp-json\/wp\/v2\/posts\/9329"}],"collection":[{"href":"http:\/\/3bljapan.com\/ja\/wp-json\/wp\/v2\/posts"}],"about":[{"href":"http:\/\/3bljapan.com\/ja\/wp-json\/wp\/v2\/types\/post"}],"author":[{"embeddable":true,"href":"http:\/\/3bljapan.com\/ja\/wp-json\/wp\/v2\/users\/20"}],"replies":[{"embeddable":true,"href":"http:\/\/3bljapan.com\/ja\/wp-json\/wp\/v2\/comments?post=9329"}],"version-history":[{"count":1,"href":"http:\/\/3bljapan.com\/ja\/wp-json\/wp\/v2\/posts\/9329\/revisions"}],"predecessor-version":[{"id":9335,"href":"http:\/\/3bljapan.com\/ja\/wp-json\/wp\/v2\/posts\/9329\/revisions\/9335"}],"wp:featuredmedia":[{"embeddable":true,"href":"http:\/\/3bljapan.com\/ja\/wp-json\/wp\/v2\/media\/9330"}],"wp:attachment":[{"href":"http:\/\/3bljapan.com\/ja\/wp-json\/wp\/v2\/media?parent=9329"}],"wp:term":[{"taxonomy":"category","embeddable":true,"href":"http:\/\/3bljapan.com\/ja\/wp-json\/wp\/v2\/categories?post=9329"},{"taxonomy":"post_tag","embeddable":true,"href":"http:\/\/3bljapan.com\/ja\/wp-json\/wp\/v2\/tags?post=9329"}],"curies":[{"name":"wp","href":"https:\/\/api.w.org\/{rel}","templated":true}]}}